{"id":357,"date":"2024-01-16T15:25:24","date_gmt":"2024-01-16T14:25:24","guid":{"rendered":"https:\/\/seve-du-jardin.fr\/?p=357"},"modified":"2024-01-25T16:38:18","modified_gmt":"2024-01-25T15:38:18","slug":"quoi-de-neuf","status":"publish","type":"post","link":"https:\/\/seve-du-jardin.fr\/?p=357","title":{"rendered":"Quoi de neuf ?"},"content":{"rendered":"\n<div style=\"height:37px\" aria-hidden=\"true\" class=\"wp-block-spacer\"><\/div>\n\n\n\n<p>Infos au jour le jour sur nos produits sant\u00e9, nos derniers arrivages, portraits des producteurs, l&#8217;activit\u00e9 \u00e0 la ferme maraich\u00e8re\u2026 et plus encore! <\/p>\n\n\n\n<p>Vous trouvez ici tous les contenus que nous publions au quotidien sur Facebook et Instagram.<\/p>\n\n\n\n<p>Merci de partager ces informations ! <strong>La r\u00e9ussite d&#8217;un magasin de producteurs sur l&#8217;ouest parisien d\u00e9pend de chacun de vous<\/strong>. Le consommateur des grandes enseignes n&#8217;est qu&#8217;un consommateur. Le consommateur qui cherche des produits de qualit\u00e9 chez des producteurs <strong>est consommateur r\u00e9fl\u00e9chi et aussi un acteur<\/strong>. Sans <strong>consom&#8217;acteurs<\/strong>, il n&#8217;y aurait plus de producteurs demain en France. <\/p>\n\n\n\n<p>Un grand merci \u00e0 tous ceux qui s&#8217;engagent \u00e0 nos c\u00f4t\u00e9s pour une production saine et durable !<\/p>\n\n\n\n<div style=\"height:51px\" aria-hidden=\"true\" class=\"wp-block-spacer\"><\/div>\n\n\n<div class=\"efbl_feed_wraper efbl_skin_353\" >\n\n\t\t\t\t\t\t\t<p class=\"efbl_error_msg\"> Error validating access token: The user has not authorized application 468599428373231. <\/p>\n\t\t\t\t    \n\t\t\t\t\n\t\t<\/div>\n\n","protected":false},"excerpt":{"rendered":"<p>Infos au jour le jour sur nos produits sant\u00e9, nos derniers arrivages,  portraits des producteurs, l&#8217;activit\u00e9 \u00e0 la ferme maraich\u00e8re\u2026 et plus encore!<\/p>\n","protected":false},"author":4,"featured_media":0,"comment_status":"open","ping_status":"open","sticky":false,"template":"","format":"standard","meta":{"_et_pb_use_builder":"off","_et_pb_old_content":"","_et_gb_content_width":"","footnotes":""},"categories":[13,1,6],"tags":[],"_links":{"self":[{"href":"https:\/\/seve-du-jardin.fr\/index.php?rest_route=\/wp\/v2\/posts\/357"}],"collection":[{"href":"https:\/\/seve-du-jardin.fr\/index.php?rest_route=\/wp\/v2\/posts"}],"about":[{"href":"https:\/\/seve-du-jardin.fr\/index.php?rest_route=\/wp\/v2\/types\/post"}],"author":[{"embeddable":true,"href":"https:\/\/seve-du-jardin.fr\/index.php?rest_route=\/wp\/v2\/users\/4"}],"replies":[{"embeddable":true,"href":"https:\/\/seve-du-jardin.fr\/index.php?rest_route=%2Fwp%2Fv2%2Fcomments&post=357"}],"version-history":[{"count":8,"href":"https:\/\/seve-du-jardin.fr\/index.php?rest_route=\/wp\/v2\/posts\/357\/revisions"}],"predecessor-version":[{"id":371,"href":"https:\/\/seve-du-jardin.fr\/index.php?rest_route=\/wp\/v2\/posts\/357\/revisions\/371"}],"wp:attachment":[{"href":"https:\/\/seve-du-jardin.fr\/index.php?rest_route=%2Fwp%2Fv2%2Fmedia&parent=357"}],"wp:term":[{"taxonomy":"category","embeddable":true,"href":"https:\/\/seve-du-jardin.fr\/index.php?rest_route=%2Fwp%2Fv2%2Fcategories&post=357"},{"taxonomy":"post_tag","embeddable":true,"href":"https:\/\/seve-du-jardin.fr\/index.php?rest_route=%2Fwp%2Fv2%2Ftags&post=357"}],"curies":[{"name":"wp","href":"https:\/\/api.w.org\/{rel}","templated":true}]}}